{"id":5133,"date":"2021-06-09T10:25:51","date_gmt":"2021-06-09T10:25:51","guid":{"rendered":"https:\/\/macel-plin.hr\/?p=5133"},"modified":"2021-06-09T10:25:52","modified_gmt":"2021-06-09T10:25:52","slug":"posjeti-nas-na-vodecem-medunarodnom-plinskom-skupu-u-ji-europi","status":"publish","type":"post","link":"https:\/\/macel-plin.hr\/hr\/2021\/06\/09\/posjeti-nas-na-vodecem-medunarodnom-plinskom-skupu-u-ji-europi\/","title":{"rendered":"Posjeti nas na vode\u0107em me\u0111unarodnom plinskom skupu u JI Europi"},"content":{"rendered":"\n\n\n<p>Nakon uspje\u0161no odr\u017eanoga jubilarnog 35. izdanja Me\u0111unarodnoga znanstveno-stru\u010dnog susreta stru\u010dnjaka za plin, koji se pro\u0161le godine prvi put odr\u017eao virtualno (<em>online<\/em>),&nbsp;<strong>vode\u0107a me\u0111unarodna plinska konferencija i izlo\u017eba u JI Europi vra\u0107a se svojoj tradicionalnoj lokaciji na Kvarneru \u2013 u Opatiju<\/strong>. Opatija je oduvijek bila elitno sredi\u0161te najve\u0107ih poslovnih doga\u0111anja: ve\u0107 vi\u0161e od 150 godina zadovoljava potrebe i najzahtjevnijih poslovnih skupova i njihovih sudionika.<\/p>\n\n\n\n<p><strong>36. Me\u0111unarodni znanstveno-stru\u010dni susret stru\u010dnjaka za plin&nbsp;<\/strong>ove \u0107e se godine odr\u017eati<strong>&nbsp;od 16. do 18. lipnja&nbsp;<\/strong>u Kongresnom centru Grand Hotela Adriatic<strong>&nbsp;u Opatiji.<\/strong>&nbsp;Tijekom tri dana odr\u017eavanja susreta o\u010dekuje se sudjelovanje brojnih stru\u010dnjaka za plin i energetiku, 60 uglednih predava\u010da i znatan broj izlaga\u010da iz vi\u0161e od 20 zemalja Europe i svijeta. Utjecajan skup plinske struke u organizaciji&nbsp;<strong>Hrvatske stru\u010dne udruge za plin (HSUP), \u010dlanice Me\u0111unarodne plinske unije (IGU), i Centra za plin Hrvatske&nbsp;<\/strong>\u010dinit \u0107e 10 aktualnih tematskih cjelina, nekoliko interaktivnih panel-diskusija i posterska sekcija o temama koje obuhva\u0107aju cijeli lanac prirodnog plina, primjenu novih tehnologija, kao i klju\u010dne izazove koji \u0107e odrediti razvoj plinskoga gospodarstva i energetike u budu\u0107nosti.<\/p>\n\n\n\n<p>Diljem svijeta plinsko gospodarstvo ima va\u017enu pozitivnu ulogu na globalnim energetskim tr\u017ei\u0161tima, kao i pri energetskoj tranziciji pa je cilj ove konferencije osigurati razumijevanje i prihva\u0107anje klju\u010dne uloge plina i plinskoga gospodarstva u budu\u0107nosti s malenim udjelom ugljika.<\/p>\n\n\n\n<figure class=\"wp-block-image size-large\"><img loading=\"lazy\" decoding=\"async\" width=\"500\" height=\"333\" src=\"http:\/\/macel-plin.hr\/wp-content\/uploads\/sites\/7\/2021\/06\/Konferencija-1.jpg\" alt=\"\" class=\"wp-image-5135\" \/><\/figure>\n\n\n\n<p>Zadovoljstvo nam je najaviti sudjelovanje Macel plin-a kao neposrednog sudionika svih procesa i brojnih projekata povezanih sa prirodnim plinom na podru\u010dju Republike Hrvatske i \u0161ire.<\/p>\n\n\n\n<p>Macel plin \u0107e tako predstaviti na svom \u0161tandu svoja rje\u0161enja i pametne tehnologije:<\/p>\n\n\n\n<ul class=\"wp-block-list\"><li>Mjerno-regulacijska oprema, Mjerno-redukcijske stanice (MRS), te druga rje\u0161enja za regulaciju plina<\/li><li>Stanice za stla\u010deni prirodni plin (SPP): dizajniranje, nabava opreme, ugradnja, odr\u017eavanje i servis SPP stanica<\/li><li>Nova inovativna samoposlu\u017ena rje\u0161enja u segmentu SPP stanica, na\u0161e iskustvo i primjena na podru\u010dju Republike Hrvatske<\/li><li>Cjelokupna rje\u0161enja za analizu sastava prirodnog plina: kromatografi<\/li><li>Ispitivanje funkcionalnosti regulacijske tla\u010dne opreme pomo\u0107u prijenosnog ure\u0111aja PLEXOR\u00ae. Dobivaju se pouzdani kvantitativni rezultati ispitivanja koji se automatski se pohranjuju u ra\u010dunalo, bez mogu\u0107nosti intervencije ispitiva\u010da.<\/li><\/ul>\n\n\n\n<p>Vi\u0161e informacija o na\u0161im tehnolo\u0161ki naprednim rje\u0161enjima mo\u017eete prona\u0107i na na\u0161oj izlo\u017ebenoj jedinici u Opatiji, Grand Hotel Adriatic od 16.-18.lipnja 2021. godine.<\/p>\n\n\n\n<figure class=\"wp-block-image size-large\"><img loading=\"lazy\" decoding=\"async\" width=\"500\" height=\"302\" src=\"http:\/\/macel-plin.hr\/wp-content\/uploads\/sites\/7\/2021\/06\/Grand-hotel-Adriatic-1.jpg\" alt=\"\" class=\"wp-image-5140\" \/><\/figure>\n","protected":false},"excerpt":{"rendered":"<p>Nakon uspje\u0161no odr\u017eanoga jubilarnog 35. izdanja Me\u0111unarodnoga znanstveno-stru\u010dnog susreta stru\u010dnjaka za plin, koji se pro\u0161le godine prvi put odr\u017eao virtualno (online),&nbsp;vode\u0107a me\u0111unarodna plinska konferencija i izlo\u017eba u JI Europi vra\u0107a se svojoj tradicionalnoj lokaciji na Kvarneru \u2013 u Opatiju. Opatija je oduvijek bila elitno sredi\u0161te najve\u0107ih poslovnih doga\u0111anja: ve\u0107 vi\u0161e od 150 godina zadovoljava potrebe [&#8230;]\n","protected":false},"author":18,"featured_media":5118,"comment_status":"closed","ping_status":"closed","sticky":false,"template":"","format":"standard","meta":{"footnotes":""},"categories":[360,340],"tags":[],"class_list":["post-5133","post","type-post","status-publish","format-standard","has-post-thumbnail","hentry","category-specialized-exhibitions-hr","category-specijalizirani-sajmovi"],"yoast_head":"<!-- This site is optimized with the Yoast SEO plugin v24.3 - https:\/\/yoast.com\/wordpress\/plugins\/seo\/ -->\n<title>Posjeti nas na vode\u0107em me\u0111unarodnom plinskom skupu u JI Europi<\/title>\n<meta name=\"description\" content=\"Nakon uspje\u0161no odr\u017eanoga jubilarnog 35. izdanja Me\u0111unarodnoga znanstveno-stru\u010dnog susreta stru\u010dnjaka za plin, koji se pro\u0161le godine prvi put odr\u017eao virtualno (online), vode\u0107a me\u0111unarodna plinska konferencija i izlo\u017eba u JI Europi vra\u0107a se svojoj tradicionalnoj lokaciji na Kvarneru \u2013 u Opatiju.\" \/>\n<meta name=\"robots\" content=\"index, follow, max-snippet:-1, max-image-preview:large, max-video-preview:-1\" \/>\n<link rel=\"canonical\" href=\"https:\/\/macel-plin.hr\/hr\/2021\/06\/09\/posjeti-nas-na-vodecem-medunarodnom-plinskom-skupu-u-ji-europi\/\" \/>\n<meta property=\"og:locale\" content=\"hr_HR\" \/>\n<meta property=\"og:type\" content=\"article\" \/>\n<meta property=\"og:title\" content=\"Posjeti nas na vode\u0107em me\u0111unarodnom plinskom skupu u JI Europi\" \/>\n<meta property=\"og:description\" content=\"Nakon uspje\u0161no odr\u017eanoga jubilarnog 35. izdanja Me\u0111unarodnoga znanstveno-stru\u010dnog susreta stru\u010dnjaka za plin, koji se pro\u0161le godine prvi put odr\u017eao virtualno (online), vode\u0107a me\u0111unarodna plinska konferencija i izlo\u017eba u JI Europi vra\u0107a se svojoj tradicionalnoj lokaciji na Kvarneru \u2013 u Opatiju.\" \/>\n<meta property=\"og:url\" content=\"https:\/\/macel-plin.hr\/hr\/2021\/06\/09\/posjeti-nas-na-vodecem-medunarodnom-plinskom-skupu-u-ji-europi\/\" \/>\n<meta property=\"og:site_name\" content=\"Macel Plin\" \/>\n<meta property=\"article:publisher\" content=\"https:\/\/www.facebook.com\/profile.php?id=61555835413424\" \/>\n<meta property=\"article:published_time\" content=\"2021-06-09T10:25:51+00:00\" \/>\n<meta property=\"article:modified_time\" content=\"2021-06-09T10:25:52+00:00\" \/>\n<meta property=\"og:image\" content=\"https:\/\/macel-plin.hr\/wp-content\/uploads\/sites\/7\/2021\/06\/Susret-strucnjaka-za-plin.jpg\" \/>\n\t<meta property=\"og:image:width\" content=\"1041\" \/>\n\t<meta property=\"og:image:height\" content=\"723\" \/>\n\t<meta property=\"og:image:type\" content=\"image\/jpeg\" \/>\n<meta name=\"author\" content=\"tkramaric\" \/>\n<meta name=\"twitter:card\" content=\"summary_large_image\" \/>\n<meta name=\"twitter:label1\" content=\"Napisao\/la\" \/>\n\t<meta name=\"twitter:data1\" content=\"tkramaric\" \/>\n\t<meta name=\"twitter:label2\" content=\"Procijenjeno vrijeme \u010ditanja\" \/>\n\t<meta name=\"twitter:data2\" content=\"2 minute\" \/>\n<script type=\"application\/ld+json\" class=\"yoast-schema-graph\">{\"@context\":\"https:\/\/schema.org\",\"@graph\":[{\"@type\":\"Article\",\"@id\":\"https:\/\/macel-plin.hr\/hr\/2021\/06\/09\/posjeti-nas-na-vodecem-medunarodnom-plinskom-skupu-u-ji-europi\/#article\",\"isPartOf\":{\"@id\":\"https:\/\/macel-plin.hr\/hr\/2021\/06\/09\/posjeti-nas-na-vodecem-medunarodnom-plinskom-skupu-u-ji-europi\/\"},\"author\":{\"name\":\"tkramaric\",\"@id\":\"https:\/\/macel-plin.hr\/#\/schema\/person\/8f3fcb7425dfa4e3472e40a088aa6fd3\"},\"headline\":\"Posjeti nas na vode\u0107em me\u0111unarodnom plinskom skupu u JI Europi\",\"datePublished\":\"2021-06-09T10:25:51+00:00\",\"dateModified\":\"2021-06-09T10:25:52+00:00\",\"mainEntityOfPage\":{\"@id\":\"https:\/\/macel-plin.hr\/hr\/2021\/06\/09\/posjeti-nas-na-vodecem-medunarodnom-plinskom-skupu-u-ji-europi\/\"},\"wordCount\":421,\"publisher\":{\"@id\":\"https:\/\/macel-plin.hr\/#organization\"},\"image\":{\"@id\":\"https:\/\/macel-plin.hr\/hr\/2021\/06\/09\/posjeti-nas-na-vodecem-medunarodnom-plinskom-skupu-u-ji-europi\/#primaryimage\"},\"thumbnailUrl\":\"https:\/\/macel-plin.hr\/wp-content\/uploads\/sites\/7\/2021\/06\/Susret-strucnjaka-za-plin.jpg\",\"articleSection\":[\"Specialized exhibitions\",\"Specijalizirani sajmovi\"],\"inLanguage\":\"hr\"},{\"@type\":\"WebPage\",\"@id\":\"https:\/\/macel-plin.hr\/hr\/2021\/06\/09\/posjeti-nas-na-vodecem-medunarodnom-plinskom-skupu-u-ji-europi\/\",\"url\":\"https:\/\/macel-plin.hr\/hr\/2021\/06\/09\/posjeti-nas-na-vodecem-medunarodnom-plinskom-skupu-u-ji-europi\/\",\"name\":\"Posjeti nas na vode\u0107em me\u0111unarodnom plinskom skupu u JI Europi\",\"isPartOf\":{\"@id\":\"https:\/\/macel-plin.hr\/#website\"},\"primaryImageOfPage\":{\"@id\":\"https:\/\/macel-plin.hr\/hr\/2021\/06\/09\/posjeti-nas-na-vodecem-medunarodnom-plinskom-skupu-u-ji-europi\/#primaryimage\"},\"image\":{\"@id\":\"https:\/\/macel-plin.hr\/hr\/2021\/06\/09\/posjeti-nas-na-vodecem-medunarodnom-plinskom-skupu-u-ji-europi\/#primaryimage\"},\"thumbnailUrl\":\"https:\/\/macel-plin.hr\/wp-content\/uploads\/sites\/7\/2021\/06\/Susret-strucnjaka-za-plin.jpg\",\"datePublished\":\"2021-06-09T10:25:51+00:00\",\"dateModified\":\"2021-06-09T10:25:52+00:00\",\"description\":\"Nakon uspje\u0161no odr\u017eanoga jubilarnog 35. izdanja Me\u0111unarodnoga znanstveno-stru\u010dnog susreta stru\u010dnjaka za plin, koji se pro\u0161le godine prvi put odr\u017eao virtualno (online), vode\u0107a me\u0111unarodna plinska konferencija i izlo\u017eba u JI Europi vra\u0107a se svojoj tradicionalnoj lokaciji na Kvarneru \u2013 u Opatiju.\",\"breadcrumb\":{\"@id\":\"https:\/\/macel-plin.hr\/hr\/2021\/06\/09\/posjeti-nas-na-vodecem-medunarodnom-plinskom-skupu-u-ji-europi\/#breadcrumb\"},\"inLanguage\":\"hr\",\"potentialAction\":[{\"@type\":\"ReadAction\",\"target\":[\"https:\/\/macel-plin.hr\/hr\/2021\/06\/09\/posjeti-nas-na-vodecem-medunarodnom-plinskom-skupu-u-ji-europi\/\"]}]},{\"@type\":\"ImageObject\",\"inLanguage\":\"hr\",\"@id\":\"https:\/\/macel-plin.hr\/hr\/2021\/06\/09\/posjeti-nas-na-vodecem-medunarodnom-plinskom-skupu-u-ji-europi\/#primaryimage\",\"url\":\"https:\/\/macel-plin.hr\/wp-content\/uploads\/sites\/7\/2021\/06\/Susret-strucnjaka-za-plin.jpg\",\"contentUrl\":\"https:\/\/macel-plin.hr\/wp-content\/uploads\/sites\/7\/2021\/06\/Susret-strucnjaka-za-plin.jpg\",\"width\":1041,\"height\":723},{\"@type\":\"BreadcrumbList\",\"@id\":\"https:\/\/macel-plin.hr\/hr\/2021\/06\/09\/posjeti-nas-na-vodecem-medunarodnom-plinskom-skupu-u-ji-europi\/#breadcrumb\",\"itemListElement\":[{\"@type\":\"ListItem\",\"position\":1,\"name\":\"Home\",\"item\":\"https:\/\/macel-plin.hr\/hr\/pocetna\/\"},{\"@type\":\"ListItem\",\"position\":2,\"name\":\"Posjeti nas na vode\u0107em me\u0111unarodnom plinskom skupu u JI Europi\"}]},{\"@type\":\"WebSite\",\"@id\":\"https:\/\/macel-plin.hr\/#website\",\"url\":\"https:\/\/macel-plin.hr\/\",\"name\":\"Macel Plin\",\"description\":\"\",\"publisher\":{\"@id\":\"https:\/\/macel-plin.hr\/#organization\"},\"potentialAction\":[{\"@type\":\"SearchAction\",\"target\":{\"@type\":\"EntryPoint\",\"urlTemplate\":\"https:\/\/macel-plin.hr\/?s={search_term_string}\"},\"query-input\":{\"@type\":\"PropertyValueSpecification\",\"valueRequired\":true,\"valueName\":\"search_term_string\"}}],\"inLanguage\":\"hr\"},{\"@type\":\"Organization\",\"@id\":\"https:\/\/macel-plin.hr\/#organization\",\"name\":\"Macel Plin\",\"url\":\"https:\/\/macel-plin.hr\/\",\"logo\":{\"@type\":\"ImageObject\",\"inLanguage\":\"hr\",\"@id\":\"https:\/\/macel-plin.hr\/#\/schema\/logo\/image\/\",\"url\":\"https:\/\/macel-plin.hr\/wp-content\/uploads\/sites\/7\/2020\/09\/Macel_Logo_Full_Colors.png\",\"contentUrl\":\"https:\/\/macel-plin.hr\/wp-content\/uploads\/sites\/7\/2020\/09\/Macel_Logo_Full_Colors.png\",\"width\":2920,\"height\":537,\"caption\":\"Macel Plin\"},\"image\":{\"@id\":\"https:\/\/macel-plin.hr\/#\/schema\/logo\/image\/\"},\"sameAs\":[\"https:\/\/www.facebook.com\/profile.php?id=61555835413424\",\"https:\/\/hr.linkedin.com\/company\/macel-plin\"]},{\"@type\":\"Person\",\"@id\":\"https:\/\/macel-plin.hr\/#\/schema\/person\/8f3fcb7425dfa4e3472e40a088aa6fd3\",\"name\":\"tkramaric\",\"image\":{\"@type\":\"ImageObject\",\"inLanguage\":\"hr\",\"@id\":\"https:\/\/macel-plin.hr\/#\/schema\/person\/image\/\",\"url\":\"https:\/\/secure.gravatar.com\/avatar\/1ad5268ddca7c9032b0a59589777aeea?s=96&d=mm&r=g\",\"contentUrl\":\"https:\/\/secure.gravatar.com\/avatar\/1ad5268ddca7c9032b0a59589777aeea?s=96&d=mm&r=g\",\"caption\":\"tkramaric\"},\"url\":\"https:\/\/macel-plin.hr\/hr\/author\/tkramaric\/\"}]}<\/script>\n<!-- \/ Yoast SEO plugin. -->","yoast_head_json":{"title":"Posjeti nas na vode\u0107em me\u0111unarodnom plinskom skupu u JI Europi","description":"Nakon uspje\u0161no odr\u017eanoga jubilarnog 35. izdanja Me\u0111unarodnoga znanstveno-stru\u010dnog susreta stru\u010dnjaka za plin, koji se pro\u0161le godine prvi put odr\u017eao virtualno (online), vode\u0107a me\u0111unarodna plinska konferencija i izlo\u017eba u JI Europi vra\u0107a se svojoj tradicionalnoj lokaciji na Kvarneru \u2013 u Opatiju.","robots":{"index":"index","follow":"follow","max-snippet":"max-snippet:-1","max-image-preview":"max-image-preview:large","max-video-preview":"max-video-preview:-1"},"canonical":"https:\/\/macel-plin.hr\/hr\/2021\/06\/09\/posjeti-nas-na-vodecem-medunarodnom-plinskom-skupu-u-ji-europi\/","og_locale":"hr_HR","og_type":"article","og_title":"Posjeti nas na vode\u0107em me\u0111unarodnom plinskom skupu u JI Europi","og_description":"Nakon uspje\u0161no odr\u017eanoga jubilarnog 35. izdanja Me\u0111unarodnoga znanstveno-stru\u010dnog susreta stru\u010dnjaka za plin, koji se pro\u0161le godine prvi put odr\u017eao virtualno (online), vode\u0107a me\u0111unarodna plinska konferencija i izlo\u017eba u JI Europi vra\u0107a se svojoj tradicionalnoj lokaciji na Kvarneru \u2013 u Opatiju.","og_url":"https:\/\/macel-plin.hr\/hr\/2021\/06\/09\/posjeti-nas-na-vodecem-medunarodnom-plinskom-skupu-u-ji-europi\/","og_site_name":"Macel Plin","article_publisher":"https:\/\/www.facebook.com\/profile.php?id=61555835413424","article_published_time":"2021-06-09T10:25:51+00:00","article_modified_time":"2021-06-09T10:25:52+00:00","og_image":[{"width":1041,"height":723,"url":"https:\/\/macel-plin.hr\/wp-content\/uploads\/sites\/7\/2021\/06\/Susret-strucnjaka-za-plin.jpg","type":"image\/jpeg"}],"author":"tkramaric","twitter_card":"summary_large_image","twitter_misc":{"Napisao\/la":"tkramaric","Procijenjeno vrijeme \u010ditanja":"2 minute"},"schema":{"@context":"https:\/\/schema.org","@graph":[{"@type":"Article","@id":"https:\/\/macel-plin.hr\/hr\/2021\/06\/09\/posjeti-nas-na-vodecem-medunarodnom-plinskom-skupu-u-ji-europi\/#article","isPartOf":{"@id":"https:\/\/macel-plin.hr\/hr\/2021\/06\/09\/posjeti-nas-na-vodecem-medunarodnom-plinskom-skupu-u-ji-europi\/"},"author":{"name":"tkramaric","@id":"https:\/\/macel-plin.hr\/#\/schema\/person\/8f3fcb7425dfa4e3472e40a088aa6fd3"},"headline":"Posjeti nas na vode\u0107em me\u0111unarodnom plinskom skupu u JI Europi","datePublished":"2021-06-09T10:25:51+00:00","dateModified":"2021-06-09T10:25:52+00:00","mainEntityOfPage":{"@id":"https:\/\/macel-plin.hr\/hr\/2021\/06\/09\/posjeti-nas-na-vodecem-medunarodnom-plinskom-skupu-u-ji-europi\/"},"wordCount":421,"publisher":{"@id":"https:\/\/macel-plin.hr\/#organization"},"image":{"@id":"https:\/\/macel-plin.hr\/hr\/2021\/06\/09\/posjeti-nas-na-vodecem-medunarodnom-plinskom-skupu-u-ji-europi\/#primaryimage"},"thumbnailUrl":"https:\/\/macel-plin.hr\/wp-content\/uploads\/sites\/7\/2021\/06\/Susret-strucnjaka-za-plin.jpg","articleSection":["Specialized exhibitions","Specijalizirani sajmovi"],"inLanguage":"hr"},{"@type":"WebPage","@id":"https:\/\/macel-plin.hr\/hr\/2021\/06\/09\/posjeti-nas-na-vodecem-medunarodnom-plinskom-skupu-u-ji-europi\/","url":"https:\/\/macel-plin.hr\/hr\/2021\/06\/09\/posjeti-nas-na-vodecem-medunarodnom-plinskom-skupu-u-ji-europi\/","name":"Posjeti nas na vode\u0107em me\u0111unarodnom plinskom skupu u JI Europi","isPartOf":{"@id":"https:\/\/macel-plin.hr\/#website"},"primaryImageOfPage":{"@id":"https:\/\/macel-plin.hr\/hr\/2021\/06\/09\/posjeti-nas-na-vodecem-medunarodnom-plinskom-skupu-u-ji-europi\/#primaryimage"},"image":{"@id":"https:\/\/macel-plin.hr\/hr\/2021\/06\/09\/posjeti-nas-na-vodecem-medunarodnom-plinskom-skupu-u-ji-europi\/#primaryimage"},"thumbnailUrl":"https:\/\/macel-plin.hr\/wp-content\/uploads\/sites\/7\/2021\/06\/Susret-strucnjaka-za-plin.jpg","datePublished":"2021-06-09T10:25:51+00:00","dateModified":"2021-06-09T10:25:52+00:00","description":"Nakon uspje\u0161no odr\u017eanoga jubilarnog 35. izdanja Me\u0111unarodnoga znanstveno-stru\u010dnog susreta stru\u010dnjaka za plin, koji se pro\u0161le godine prvi put odr\u017eao virtualno (online), vode\u0107a me\u0111unarodna plinska konferencija i izlo\u017eba u JI Europi vra\u0107a se svojoj tradicionalnoj lokaciji na Kvarneru \u2013 u Opatiju.","breadcrumb":{"@id":"https:\/\/macel-plin.hr\/hr\/2021\/06\/09\/posjeti-nas-na-vodecem-medunarodnom-plinskom-skupu-u-ji-europi\/#breadcrumb"},"inLanguage":"hr","potentialAction":[{"@type":"ReadAction","target":["https:\/\/macel-plin.hr\/hr\/2021\/06\/09\/posjeti-nas-na-vodecem-medunarodnom-plinskom-skupu-u-ji-europi\/"]}]},{"@type":"ImageObject","inLanguage":"hr","@id":"https:\/\/macel-plin.hr\/hr\/2021\/06\/09\/posjeti-nas-na-vodecem-medunarodnom-plinskom-skupu-u-ji-europi\/#primaryimage","url":"https:\/\/macel-plin.hr\/wp-content\/uploads\/sites\/7\/2021\/06\/Susret-strucnjaka-za-plin.jpg","contentUrl":"https:\/\/macel-plin.hr\/wp-content\/uploads\/sites\/7\/2021\/06\/Susret-strucnjaka-za-plin.jpg","width":1041,"height":723},{"@type":"BreadcrumbList","@id":"https:\/\/macel-plin.hr\/hr\/2021\/06\/09\/posjeti-nas-na-vodecem-medunarodnom-plinskom-skupu-u-ji-europi\/#breadcrumb","itemListElement":[{"@type":"ListItem","position":1,"name":"Home","item":"https:\/\/macel-plin.hr\/hr\/pocetna\/"},{"@type":"ListItem","position":2,"name":"Posjeti nas na vode\u0107em me\u0111unarodnom plinskom skupu u JI Europi"}]},{"@type":"WebSite","@id":"https:\/\/macel-plin.hr\/#website","url":"https:\/\/macel-plin.hr\/","name":"Macel Plin","description":"","publisher":{"@id":"https:\/\/macel-plin.hr\/#organization"},"potentialAction":[{"@type":"SearchAction","target":{"@type":"EntryPoint","urlTemplate":"https:\/\/macel-plin.hr\/?s={search_term_string}"},"query-input":{"@type":"PropertyValueSpecification","valueRequired":true,"valueName":"search_term_string"}}],"inLanguage":"hr"},{"@type":"Organization","@id":"https:\/\/macel-plin.hr\/#organization","name":"Macel Plin","url":"https:\/\/macel-plin.hr\/","logo":{"@type":"ImageObject","inLanguage":"hr","@id":"https:\/\/macel-plin.hr\/#\/schema\/logo\/image\/","url":"https:\/\/macel-plin.hr\/wp-content\/uploads\/sites\/7\/2020\/09\/Macel_Logo_Full_Colors.png","contentUrl":"https:\/\/macel-plin.hr\/wp-content\/uploads\/sites\/7\/2020\/09\/Macel_Logo_Full_Colors.png","width":2920,"height":537,"caption":"Macel Plin"},"image":{"@id":"https:\/\/macel-plin.hr\/#\/schema\/logo\/image\/"},"sameAs":["https:\/\/www.facebook.com\/profile.php?id=61555835413424","https:\/\/hr.linkedin.com\/company\/macel-plin"]},{"@type":"Person","@id":"https:\/\/macel-plin.hr\/#\/schema\/person\/8f3fcb7425dfa4e3472e40a088aa6fd3","name":"tkramaric","image":{"@type":"ImageObject","inLanguage":"hr","@id":"https:\/\/macel-plin.hr\/#\/schema\/person\/image\/","url":"https:\/\/secure.gravatar.com\/avatar\/1ad5268ddca7c9032b0a59589777aeea?s=96&d=mm&r=g","contentUrl":"https:\/\/secure.gravatar.com\/avatar\/1ad5268ddca7c9032b0a59589777aeea?s=96&d=mm&r=g","caption":"tkramaric"},"url":"https:\/\/macel-plin.hr\/hr\/author\/tkramaric\/"}]}},"_links":{"self":[{"href":"https:\/\/macel-plin.hr\/hr\/wp-json\/wp\/v2\/posts\/5133"}],"collection":[{"href":"https:\/\/macel-plin.hr\/hr\/wp-json\/wp\/v2\/posts"}],"about":[{"href":"https:\/\/macel-plin.hr\/hr\/wp-json\/wp\/v2\/types\/post"}],"author":[{"embeddable":true,"href":"https:\/\/macel-plin.hr\/hr\/wp-json\/wp\/v2\/users\/18"}],"replies":[{"embeddable":true,"href":"https:\/\/macel-plin.hr\/hr\/wp-json\/wp\/v2\/comments?post=5133"}],"version-history":[{"count":1,"href":"https:\/\/macel-plin.hr\/hr\/wp-json\/wp\/v2\/posts\/5133\/revisions"}],"predecessor-version":[{"id":5144,"href":"https:\/\/macel-plin.hr\/hr\/wp-json\/wp\/v2\/posts\/5133\/revisions\/5144"}],"wp:featuredmedia":[{"embeddable":true,"href":"https:\/\/macel-plin.hr\/hr\/wp-json\/wp\/v2\/media\/5118"}],"wp:attachment":[{"href":"https:\/\/macel-plin.hr\/hr\/wp-json\/wp\/v2\/media?parent=5133"}],"wp:term":[{"taxonomy":"category","embeddable":true,"href":"https:\/\/macel-plin.hr\/hr\/wp-json\/wp\/v2\/categories?post=5133"},{"taxonomy":"post_tag","embeddable":true,"href":"https:\/\/macel-plin.hr\/hr\/wp-json\/wp\/v2\/tags?post=5133"}],"curies":[{"name":"wp","href":"https:\/\/api.w.org\/{rel}","templated":true}]}}